{"id":1550,"date":"2025-07-18T14:52:48","date_gmt":"2025-07-18T12:52:48","guid":{"rendered":"https:\/\/www.efbusinessschool.it\/?p=1550"},"modified":"2025-07-18T14:52:48","modified_gmt":"2025-07-18T12:52:48","slug":"webinar-gratuito-innovazione-digitale-in-azienda","status":"publish","type":"post","link":"https:\/\/www.efbusinessschool.it\/index.php\/2025\/07\/18\/webinar-gratuito-innovazione-digitale-in-azienda\/","title":{"rendered":"Webinar gratuito: Innovazione digitale in azienda"},"content":{"rendered":"\n<p class=\"wp-block-paragraph\">Il secondo appuntamento del ciclo di <strong>webinar EF Business School<\/strong>\u00a0con\u00a0<em>docenti ed esperti di vari settori<\/em>, per offrire uno sguardo pratico, innovativo e aggiornato sulle sfide pi\u00f9 sentite dalle imprese italiane.<\/p>\n\n\n\n<p class=\"wp-block-paragraph\"><\/p>\n\n\n\n<p class=\"wp-block-paragraph\">Sappiamo quanto sia difficile trovare il tempo per la formazione, tra le urgenze e le pressioni quotidiane in azienda. Ma proprio per questo crediamo che <strong>una formazione efficace, agile e ben progettata<\/strong> sia uno strumento fondamentale in grado di portare uno sguardo innovativo, nuove metodologie e strumenti per risolvere le difficolt\u00e0, rispondere alle esigenze di crescita e competitivit\u00e0 di un mercato in continua crescita<\/p>\n\n\n\n<p class=\"has-white-background-color has-background wp-block-paragraph\">Siamo perci\u00f2 liete di annunciare il nostro nuovo <mark style=\"background-color:rgba(0, 0, 0, 0)\" class=\"has-inline-color has-vivid-cyan-blue-color\"><strong>\u201cWebinar gratuito \u2013 Innovazione digitale in azienda&#8221;!<\/strong><\/mark><\/p>\n\n\n\n<p class=\"wp-block-paragraph\">\ud83d\udcc5 <strong>Venerd\u00ec 25 luglio 2025 \u2013 Ore 11:00 \u2013 Online su Zoom<\/strong><\/p>\n\n\n\n<p class=\"has-text-align-center wp-block-paragraph\">\ud83d\udc49&nbsp;clicca&nbsp;<a href=\"https:\/\/forms.gle\/35qH4R39aTR9ErZZ6\" target=\"_blank\" rel=\"noreferrer noopener\">QUI<\/a>&nbsp;per riservarti un posto,<em>&nbsp;ISCRIZIONI LIMITATE!<\/em>&nbsp;\ud83d\udc48<\/p>\n\n\n\n<div style=\"height:48px\" aria-hidden=\"true\" class=\"wp-block-spacer\"><\/div>\n\n\n\n<p class=\"wp-block-paragraph\">Grazie all\u2019aiuto del dott. Giacomo Gardini, esperto di digitalizzazione aziendale in <strong>Systematica,<\/strong> esploreremo tre temi cruciali per la crescita delle imprese:<\/p>\n\n\n\n<div class=\"wp-block-group is-nowrap is-layout-flex wp-container-core-group-is-layout-8f761849 wp-block-group-is-layout-flex\">\n<div class=\"wp-block-group is-vertical is-layout-flex wp-container-core-group-is-layout-4fc3f8e1 wp-block-group-is-layout-flex\">\n<div class=\"wp-block-group is-nowrap is-layout-flex wp-container-core-group-is-layout-8f761849 wp-block-group-is-layout-flex\">\n<p class=\"wp-block-paragraph\">\u2705 dalle difficolt\u00e0 alle opportunit\u00e0: come <strong>superare le difficolt\u00e0 e le resistenze al cambiamento<\/strong> in ambito di<strong> innovazione digitale<\/strong>.<\/p>\n\n\n\n<p class=\"wp-block-paragraph\">\u2705 <strong>Strumenti e strategie per digitalizzare i processi aziendali<\/strong> in modo sostenibile, dalle tecnologie chiave alle best practices.<\/p>\n\n\n\n<p class=\"wp-block-paragraph\">\u2705 Ruolo della formazione in azienda: come poter ottenere <strong>corsi finanziati<\/strong> grazie al <strong>Bando Formazione continua<\/strong><\/p>\n<\/div>\n<\/div>\n<\/div>\n\n\n\n<p class=\"wp-block-paragraph\">Per partecipare all\u2019incontro iscriviti\u00a0<a href=\"https:\/\/forms.gle\/F4UZbiKAik6t4Znk8\" target=\"_blank\" rel=\"noreferrer noopener\">c<\/a><a href=\"https:\/\/forms.gle\/35qH4R39aTR9ErZZ6\" target=\"_blank\" rel=\"noreferrer noopener\">liccando qui<\/a>, ti invieremo il link Zoom un giorno prima dell\u2019evento. Basta un pc o telefono con microfono e webcam, al resto ci pensiamo noi!\u00a0<strong>Ti aspettiamo online!<\/strong><\/p>\n\n\n\n<div style=\"height:36px\" aria-hidden=\"true\" class=\"wp-block-spacer\"><\/div>\n\n\n\n<p class=\"wp-block-paragraph\">\ud83d\udd0dCompila il form che trovi\u00a0<a href=\"https:\/\/www.efbusinessschool.it\/index.php\/services\/corsi-online-macerata\/\">qui<\/a>\u00a0a fine pagina, riceverai gratuitamente il nostro <strong>e-book<\/strong> dedicato alla formazione per aziende, enti e liberi professionisti.<\/p>\n\n\n\n<p class=\"wp-block-paragraph\">\ud83d\udd0dScopri il nostro <a href=\"https:\/\/www.efbusinessschool.it\/index.php\/2025\/07\/10\/investire-nella-formazione-aziendale\/\">articolo<\/a> dedicato al <strong>Bando Formazione Continua<\/strong> in attesa del webinar.<\/p>\n\n\n\n<figure class=\"wp-block-image size-large\"><img loading=\"lazy\" decoding=\"async\" width=\"724\" height=\"1024\" src=\"https:\/\/www.efbusinessschool.it\/wp-content\/uploads\/2025\/07\/webinar-luglio-1-724x1024.jpg\" alt=\"\" class=\"wp-image-1561\" srcset=\"https:\/\/www.efbusinessschool.it\/wp-content\/uploads\/2025\/07\/webinar-luglio-1-724x1024.jpg 724w, https:\/\/www.efbusinessschool.it\/wp-content\/uploads\/2025\/07\/webinar-luglio-1-212x300.jpg 212w, https:\/\/www.efbusinessschool.it\/wp-content\/uploads\/2025\/07\/webinar-luglio-1-768x1086.jpg 768w, https:\/\/www.efbusinessschool.it\/wp-content\/uploads\/2025\/07\/webinar-luglio-1-1086x1536.jpg 1086w, https:\/\/www.efbusinessschool.it\/wp-content\/uploads\/2025\/07\/webinar-luglio-1-370x523.jpg 370w, https:\/\/www.efbusinessschool.it\/wp-content\/uploads\/2025\/07\/webinar-luglio-1-760x1075.jpg 760w, https:\/\/www.efbusinessschool.it\/wp-content\/uploads\/2025\/07\/webinar-luglio-1.jpg 1414w\" sizes=\"auto, (max-width: 724px) 100vw, 724px\" \/><\/figure>\n","protected":false},"excerpt":{"rendered":"<p>Webinar gratuito &#8211; \u201cInnovazione digitale in ambito aziendale\u201d. 25\/07\/2025 ore 11.00<\/p>\n","protected":false},"author":990002,"featured_media":1555,"comment_status":"open","ping_status":"open","sticky":false,"template":"","format":"standard","meta":{"footnotes":""},"categories":[62],"tags":[81,73,83,80,82,66],"class_list":["post-1550","post","type-post","status-publish","format-standard","has-post-thumbnail","hentry","category-news","tag-bando-formazione-continua","tag-corsi-di-formazione-per-aziende","tag-formazione-aziende","tag-innovazione-digitale","tag-regione-marche","tag-webinar-gratuito"],"_links":{"self":[{"href":"https:\/\/www.efbusinessschool.it\/index.php\/wp-json\/wp\/v2\/posts\/1550","targetHints":{"allow":["GET"]}}],"collection":[{"href":"https:\/\/www.efbusinessschool.it\/index.php\/wp-json\/wp\/v2\/posts"}],"about":[{"href":"https:\/\/www.efbusinessschool.it\/index.php\/wp-json\/wp\/v2\/types\/post"}],"author":[{"embeddable":true,"href":"https:\/\/www.efbusinessschool.it\/index.php\/wp-json\/wp\/v2\/users\/990002"}],"replies":[{"embeddable":true,"href":"https:\/\/www.efbusinessschool.it\/index.php\/wp-json\/wp\/v2\/comments?post=1550"}],"version-history":[{"count":6,"href":"https:\/\/www.efbusinessschool.it\/index.php\/wp-json\/wp\/v2\/posts\/1550\/revisions"}],"predecessor-version":[{"id":1563,"href":"https:\/\/www.efbusinessschool.it\/index.php\/wp-json\/wp\/v2\/posts\/1550\/revisions\/1563"}],"wp:featuredmedia":[{"embeddable":true,"href":"https:\/\/www.efbusinessschool.it\/index.php\/wp-json\/wp\/v2\/media\/1555"}],"wp:attachment":[{"href":"https:\/\/www.efbusinessschool.it\/index.php\/wp-json\/wp\/v2\/media?parent=1550"}],"wp:term":[{"taxonomy":"category","embeddable":true,"href":"https:\/\/www.efbusinessschool.it\/index.php\/wp-json\/wp\/v2\/categories?post=1550"},{"taxonomy":"post_tag","embeddable":true,"href":"https:\/\/www.efbusinessschool.it\/index.php\/wp-json\/wp\/v2\/tags?post=1550"}],"curies":[{"name":"wp","href":"https:\/\/api.w.org\/{rel}","templated":true}]}}