{"id":1669,"date":"2025-10-07T09:11:57","date_gmt":"2025-10-07T07:11:57","guid":{"rendered":"https:\/\/www.efbusinessschool.it\/?p=1669"},"modified":"2025-10-07T10:10:49","modified_gmt":"2025-10-07T08:10:49","slug":"diventare-operatore-socio-sanitario-gli-sbocchi-occupazionali","status":"publish","type":"post","link":"https:\/\/www.efbusinessschool.it\/index.php\/2025\/10\/07\/diventare-operatore-socio-sanitario-gli-sbocchi-occupazionali\/","title":{"rendered":"Diventare Operatore Socio Sanitario: gli sbocchi occupazionali"},"content":{"rendered":"\n<p class=\"wp-block-paragraph\">Ci sono lavori che cambiano le persone \u2014 poi ci sono professioni che cambiano la vita degli altri.<br>Tra queste, quella <strong>dell\u2019Operatore<\/strong> <strong>Socio<\/strong> <strong>Sanitario<\/strong> (OSS) occupa un posto speciale.<\/p>\n\n\n\n<p class=\"wp-block-paragraph\">In un mondo in cui \u00e8 in crescita il bisogno di cura e vicinanza, l\u2019OSS \u00e8 una figura indispensabile: un punto di riferimento per chi affronta momenti di particolari fragilit\u00e0, un supporto concreto per le famiglie e una presenza quotidiana per chi ha bisogno di assistenza.<\/p>\n\n\n\n<p class=\"wp-block-paragraph\">Se noto \u00e8 l\u2019acronimo OSS, meno note sono le mansioni che svolge e gli sbocchi occupazionali di chi, al termine del percorso formativo intraprende questa professione.<\/p>\n\n\n\n<p class=\"has-white-color has-vivid-cyan-blue-background-color has-text-color has-background has-link-color wp-elements-1 wp-block-paragraph\"><strong>Dove lavora l\u2019OSS?<\/strong><\/p>\n\n\n\n<p class=\"wp-block-paragraph\">L\u2019<strong>OSS<\/strong> \u00e8 una figura di supporto all\u2019interno dei servizi sanitari, socio-assistenziali e domiciliari.<br>Svolge attivit\u00e0 di <strong>assistenza diretta<\/strong> alla persona e di lavoro di equipe<strong> con il personale medico e infermieristico<\/strong>, garantendo benessere, igiene e sicurezza.<\/p>\n\n\n\n<p class=\"has-text-align-center wp-block-paragraph\">\ud83c\udfe5<strong><mark style=\"background-color:rgba(0, 0, 0, 0)\" class=\"has-inline-color has-vivid-cyan-blue-color\"> Settore sanitario e assistenza domiciliare privata<\/mark><\/strong><\/p>\n\n\n\n<p class=\"wp-block-paragraph\"><strong>L\u2019Operatore socio-SANITARIO<\/strong> pu\u00f2 lavorare nelle <strong>strutture sanitarie ospedaliere pubbliche e private<\/strong>, <strong>cliniche, strutture specializzate<\/strong> aiutando i pazienti nelle attivit\u00e0 quotidiane di igiene personale, alimentazione, mobilit\u00e0 e vestizione, supportando gli utenti nella deambulazione e nell\u2019uso di ausili (carrozzine, deambulatori, ecc.) e sorvegliando le condizioni generali, dei parametri vitali della persona e dell\u2019igiene ambientale.<\/p>\n\n\n\n<p class=\"wp-block-paragraph\">Tali mansioni inoltre, possono essere fatte dall\u2019OSS attraverso<strong> servizi domiciliari e assistenza privata<\/strong>: come libero professionista, infatti, l\u2019operatore socio sanitario pu\u00f2 rispondere alle crescenti domande di a<em>ssistenza domiciliare privata<\/em>: oggigiorno famiglie e persone anziane cercano sempre pi\u00f9 professionisti qualificati per ricevere cure a casa, anche grazie ai servizi di Telemedicina. Questo ambito offre spesso <strong>flessibilit\u00e0 oraria<\/strong> e<strong> possibilit\u00e0 di collaborazione diretta o tramite Cooperative e agenzie di servizi alla persona<\/strong>, rappresentando un <em>interessante sbocco lavorativo<\/em> alternativo allo stesso tempo compatibile all\u2019ambiente ospedaliero.<\/p>\n\n\n\n<p class=\"has-text-align-center wp-block-paragraph\">\ud83e\uddd3<strong><mark style=\"background-color:rgba(0, 0, 0, 0)\" class=\"has-inline-color has-vivid-cyan-blue-color\"> Settore socio-assistenziale<\/mark><\/strong><\/p>\n\n\n\n<p class=\"wp-block-paragraph\">Aspetto meno conosciuto, \u00e8 il settore <strong>SOCIO-assistenziale<\/strong> in cui l\u2019attivit\u00e0 di OSS pu\u00f2 essere svolta. L\u2019OSS infatti, \u00e8 un professionista che pu\u00f2 anche lavorare in <strong>Residenze sanitarie assistenziali (RSA)<\/strong> e <strong>case di riposo, centri diurni, servizi domiciliari sociali, centri educativi, centri di riabilitazione, comunit\u00e0 educative, residenze protette, comunit\u00e0 di recupero, centri psichiatrici e scuole <\/strong>per assistere minorenni, adulti e anziani con bisogni educativi speciali, con disabilit\u00e0 fisiche o intellettive, persone vittime di disagio, abusi o di violenza, promuovendo l\u2019autonomia, la socializzazione e il benessere bio-psico-sociale.<\/p>\n\n\n\n<p class=\"wp-block-paragraph\">In queste strutture non si tratta solamente di garantire un\u2019assistenza sanitaria continua, ma l\u2019OSS si trova a prendersi cura di persone vulnerate, dove l\u2019assistenza alla persona sta anche e soprattutto nell\u2019<em>ascolto,<\/em> nel <em>dialogo<\/em>, nella creazione di una <em>relazione di fiducia, di serenit\u00e0 e di reciprocit\u00e0<\/em>, che permette di intessere nuovi legami e ridare senso all\u2019esistenza.<\/p>\n\n\n\n<p class=\"has-white-color has-vivid-cyan-blue-background-color has-text-color has-background has-link-color wp-elements-2 wp-block-paragraph\"><strong>Come si acquisiscono le skills per lavorare come OSS?<\/strong><\/p>\n\n\n\n<p class=\"wp-block-paragraph\">La <strong>formazione<\/strong> rappresenta un&#8217;<strong>imprescindibile punto di partenza<\/strong>: con il <mark style=\"background-color:rgba(0, 0, 0, 0)\" class=\"has-inline-color has-vivid-cyan-blue-color\"><strong>nostro Corso Operatore Socio-Sanitario<\/strong><\/mark> autorizzato dalla<em><strong> Regione Marche<\/strong><\/em>, rilascia un <em>attestato di qualifica professionale <\/em>previsto dalla delibera regionale n\u00b0 666 del 20\/05\/08 e ai sensi dell\u2019art. 14 L. 845\/78, da subito spendibile nel mondo del lavoro.<\/p>\n\n\n\n<p class=\"wp-block-paragraph\">Durante il corso, <strong>docenti e professionisti<\/strong>, guideranno all\u2019acquisizioni di nozioni teorico-pratiche in ambito socio-sanitario e relazionale. Lo <strong>stage<\/strong> sar\u00e0 inoltre, momento fondamentale per mettere in pratica ci\u00f2 che si \u00e8 appreso durante le lezioni e le esercitazioni.<\/p>\n\n\n\n<p class=\"wp-block-paragraph\">Pensi che L\u2019OSS sia il lavoro giusto per te? Non aspettare, <strong><em>iscriviti entro il 19 ottobre<\/em><\/strong> al <a href=\"https:\/\/www.efbusinessschool.it\/index.php\/courses\/operatore-socio-sanitario-2\/\" data-type=\"link\" data-id=\"https:\/\/www.efbusinessschool.it\/index.php\/courses\/operatore-socio-sanitario-2\/\">corso <\/a>in partenza.<\/p>\n\n\n\n<p class=\"wp-block-paragraph\">Investi OGGI sulla tua formazione, per fare la differenza DOMANI!<\/p>\n\n\n\n<figure class=\"wp-block-gallery has-nested-images columns-default is-cropped wp-block-gallery-1 is-layout-flex wp-block-gallery-is-layout-flex\">\n<figure class=\"wp-block-image size-large\"><img loading=\"lazy\" decoding=\"async\" width=\"1024\" height=\"576\" data-id=\"1671\" src=\"https:\/\/www.efbusinessschool.it\/wp-content\/uploads\/2025\/10\/Immagine-WhatsApp-2025-04-03-ore-15.58.40_95c38ec7-1024x576.jpg\" alt=\"\" class=\"wp-image-1671\" srcset=\"https:\/\/www.efbusinessschool.it\/wp-content\/uploads\/2025\/10\/Immagine-WhatsApp-2025-04-03-ore-15.58.40_95c38ec7-1024x576.jpg 1024w, https:\/\/www.efbusinessschool.it\/wp-content\/uploads\/2025\/10\/Immagine-WhatsApp-2025-04-03-ore-15.58.40_95c38ec7-300x169.jpg 300w, https:\/\/www.efbusinessschool.it\/wp-content\/uploads\/2025\/10\/Immagine-WhatsApp-2025-04-03-ore-15.58.40_95c38ec7-768x432.jpg 768w, https:\/\/www.efbusinessschool.it\/wp-content\/uploads\/2025\/10\/Immagine-WhatsApp-2025-04-03-ore-15.58.40_95c38ec7-1536x864.jpg 1536w, https:\/\/www.efbusinessschool.it\/wp-content\/uploads\/2025\/10\/Immagine-WhatsApp-2025-04-03-ore-15.58.40_95c38ec7-370x208.jpg 370w, https:\/\/www.efbusinessschool.it\/wp-content\/uploads\/2025\/10\/Immagine-WhatsApp-2025-04-03-ore-15.58.40_95c38ec7-1170x658.jpg 1170w, https:\/\/www.efbusinessschool.it\/wp-content\/uploads\/2025\/10\/Immagine-WhatsApp-2025-04-03-ore-15.58.40_95c38ec7-760x428.jpg 760w, https:\/\/www.efbusinessschool.it\/wp-content\/uploads\/2025\/10\/Immagine-WhatsApp-2025-04-03-ore-15.58.40_95c38ec7-270x152.jpg 270w, https:\/\/www.efbusinessschool.it\/wp-content\/uploads\/2025\/10\/Immagine-WhatsApp-2025-04-03-ore-15.58.40_95c38ec7.jpg 2048w\" sizes=\"auto, (max-width: 1024px) 100vw, 1024px\" \/><\/figure>\n\n\n\n<figure class=\"wp-block-image size-large\"><img loading=\"lazy\" decoding=\"async\" width=\"819\" height=\"1024\" data-id=\"1670\" src=\"https:\/\/www.efbusinessschool.it\/wp-content\/uploads\/2025\/10\/OSS-scadenza-iscrizioni-19.10-819x1024.jpg\" alt=\"\" class=\"wp-image-1670\" srcset=\"https:\/\/www.efbusinessschool.it\/wp-content\/uploads\/2025\/10\/OSS-scadenza-iscrizioni-19.10-819x1024.jpg 819w, https:\/\/www.efbusinessschool.it\/wp-content\/uploads\/2025\/10\/OSS-scadenza-iscrizioni-19.10-240x300.jpg 240w, https:\/\/www.efbusinessschool.it\/wp-content\/uploads\/2025\/10\/OSS-scadenza-iscrizioni-19.10-768x960.jpg 768w, https:\/\/www.efbusinessschool.it\/wp-content\/uploads\/2025\/10\/OSS-scadenza-iscrizioni-19.10-370x463.jpg 370w, https:\/\/www.efbusinessschool.it\/wp-content\/uploads\/2025\/10\/OSS-scadenza-iscrizioni-19.10-760x950.jpg 760w, https:\/\/www.efbusinessschool.it\/wp-content\/uploads\/2025\/10\/OSS-scadenza-iscrizioni-19.10.jpg 1080w\" sizes=\"auto, (max-width: 819px) 100vw, 819px\" \/><\/figure>\n<\/figure>\n\n\n\n\n\n<div class=\"wp-block-group is-nowrap is-layout-flex wp-container-core-group-is-layout-8f761849 wp-block-group-is-layout-flex\"><div class=\"wp-block-post-date\"><time datetime=\"2025-10-07T09:11:57+02:00\">7 Ottobre 2025<\/time><\/div>\n\n\n<p class=\"wp-block-paragraph\"><\/p>\n<\/div>\n","protected":false},"excerpt":{"rendered":"<p>Scopri tutti gli sbocchi occupazionali della figura di OSS e il nostro nuovo corso autorizzato dalla Regione Marche in partenza a Pollenza (MC)<\/p>\n","protected":false},"author":990002,"featured_media":1682,"comment_status":"open","ping_status":"open","sticky":false,"template":"","format":"standard","meta":{"footnotes":""},"categories":[62],"tags":[17,93,94,95,96,82],"class_list":["post-1669","post","type-post","status-publish","format-standard","has-post-thumbnail","hentry","category-news","tag-corsi-oss-regione-marche","tag-corso-oss","tag-corso-oss-macerata","tag-corso-oss-regione-marche","tag-qualifica-professionale","tag-regione-marche"],"_links":{"self":[{"href":"https:\/\/www.efbusinessschool.it\/index.php\/wp-json\/wp\/v2\/posts\/1669","targetHints":{"allow":["GET"]}}],"collection":[{"href":"https:\/\/www.efbusinessschool.it\/index.php\/wp-json\/wp\/v2\/posts"}],"about":[{"href":"https:\/\/www.efbusinessschool.it\/index.php\/wp-json\/wp\/v2\/types\/post"}],"author":[{"embeddable":true,"href":"https:\/\/www.efbusinessschool.it\/index.php\/wp-json\/wp\/v2\/users\/990002"}],"replies":[{"embeddable":true,"href":"https:\/\/www.efbusinessschool.it\/index.php\/wp-json\/wp\/v2\/comments?post=1669"}],"version-history":[{"count":5,"href":"https:\/\/www.efbusinessschool.it\/index.php\/wp-json\/wp\/v2\/posts\/1669\/revisions"}],"predecessor-version":[{"id":1681,"href":"https:\/\/www.efbusinessschool.it\/index.php\/wp-json\/wp\/v2\/posts\/1669\/revisions\/1681"}],"wp:featuredmedia":[{"embeddable":true,"href":"https:\/\/www.efbusinessschool.it\/index.php\/wp-json\/wp\/v2\/media\/1682"}],"wp:attachment":[{"href":"https:\/\/www.efbusinessschool.it\/index.php\/wp-json\/wp\/v2\/media?parent=1669"}],"wp:term":[{"taxonomy":"category","embeddable":true,"href":"https:\/\/www.efbusinessschool.it\/index.php\/wp-json\/wp\/v2\/categories?post=1669"},{"taxonomy":"post_tag","embeddable":true,"href":"https:\/\/www.efbusinessschool.it\/index.php\/wp-json\/wp\/v2\/tags?post=1669"}],"curies":[{"name":"wp","href":"https:\/\/api.w.org\/{rel}","templated":true}]}}