{"id":1700,"date":"2025-11-24T17:32:27","date_gmt":"2025-11-24T16:32:27","guid":{"rendered":"https:\/\/www.efbusinessschool.it\/?p=1700"},"modified":"2025-11-24T17:32:27","modified_gmt":"2025-11-24T16:32:27","slug":"quali-competenze-serviranno-tra-24-mesi","status":"publish","type":"post","link":"https:\/\/www.efbusinessschool.it\/index.php\/2025\/11\/24\/quali-competenze-serviranno-tra-24-mesi\/","title":{"rendered":"Quali competenze serviranno tra 24 mesi?"},"content":{"rendered":"\n<p class=\"wp-block-paragraph\"><em>Nei prossimi 24 mesi <\/em><strong>cambieranno<\/strong> pi\u00f9 <strong>competenze <\/strong>di quante ne siano cambiate negli ultimi dieci anni. La domanda chiave non \u00e8 pi\u00f9 \u201ccosa sappiamo fare oggi?\u201d ma \u201c<mark style=\"background-color:rgba(0, 0, 0, 0)\" class=\"has-inline-color has-vivid-purple-color\"><strong>quali competenze ci serviranno presto<\/strong>?<\/mark>\u201d<\/p>\n\n\n\n<p class=\"wp-block-paragraph\">L\u2019accelerazione di AI, nuovi modelli organizzativi, sostenibilit\u00e0 ed ESG sta ridefinendo in profondit\u00e0 il mondo del lavoro. Le <strong>aziende che non investono<\/strong> subito<strong> rischiano di trovarsi impreparate<\/strong> proprio quando la competizione aumenter\u00e0. <\/p>\n\n\n\n<p class=\"wp-block-paragraph\"><strong><mark style=\"background-color:rgba(0, 0, 0, 0)\" class=\"has-inline-color has-vivid-purple-color\">Tre fattori<\/mark><\/strong> evolvono contemporaneamente:<\/p>\n\n\n\n<div class=\"wp-block-group is-nowrap is-layout-flex wp-container-core-group-is-layout-8f761849 wp-block-group-is-layout-flex\">\n<div class=\"wp-block-group is-vertical is-layout-flex wp-container-core-group-is-layout-4fc3f8e1 wp-block-group-is-layout-flex\">\n<p class=\"wp-block-paragraph\"><em>1.<\/em> <em>Tecnologia che corre pi\u00f9 veloce dell\u2019apprendimento umano <\/em><\/p>\n\n\n\n<p class=\"wp-block-paragraph\"><em>2. Modelli organizzativi in trasformazione<\/em><\/p>\n\n\n\n<p class=\"wp-block-paragraph\"><em>3. Nuove regole del mercato<\/em>.<\/p>\n<\/div>\n<\/div>\n\n\n\n<p class=\"wp-block-paragraph\">In questo contesto, la<strong> formazione continua<\/strong> diventa un <strong>acceleratore strategico<\/strong>, non un beneficio accessorio. <\/p>\n\n\n\n<p class=\"wp-block-paragraph\">In questo scenario emergono<mark style=\"background-color:rgba(0, 0, 0, 0)\" class=\"has-inline-color has-vivid-purple-color\"> <strong>6 competenze strategiche<\/strong><\/mark> per il futuro del lavoro:<\/p>\n\n\n\n<div style=\"height:34px\" aria-hidden=\"true\" class=\"wp-block-spacer\"><\/div>\n\n\n<div class=\"wp-block-image\">\n<figure class=\"aligncenter size-large is-resized\"><a href=\"https:\/\/www.instagram.com\/p\/DRPdzTLjx1-\/?utm_source=ig_web_copy_link&amp;igsh=MzRlODBiNWFlZA==\"><img loading=\"lazy\" decoding=\"async\" width=\"819\" height=\"1024\" src=\"https:\/\/www.efbusinessschool.it\/wp-content\/uploads\/2025\/11\/Grafica-Linkedin-prova-finale-definitiva-819x1024.png\" alt=\"\" class=\"wp-image-1710\" style=\"width:573px;height:auto\" srcset=\"https:\/\/www.efbusinessschool.it\/wp-content\/uploads\/2025\/11\/Grafica-Linkedin-prova-finale-definitiva-819x1024.png 819w, https:\/\/www.efbusinessschool.it\/wp-content\/uploads\/2025\/11\/Grafica-Linkedin-prova-finale-definitiva-240x300.png 240w, https:\/\/www.efbusinessschool.it\/wp-content\/uploads\/2025\/11\/Grafica-Linkedin-prova-finale-definitiva-768x960.png 768w, https:\/\/www.efbusinessschool.it\/wp-content\/uploads\/2025\/11\/Grafica-Linkedin-prova-finale-definitiva-1229x1536.png 1229w, https:\/\/www.efbusinessschool.it\/wp-content\/uploads\/2025\/11\/Grafica-Linkedin-prova-finale-definitiva-370x463.png 370w, https:\/\/www.efbusinessschool.it\/wp-content\/uploads\/2025\/11\/Grafica-Linkedin-prova-finale-definitiva-760x950.png 760w, https:\/\/www.efbusinessschool.it\/wp-content\/uploads\/2025\/11\/Grafica-Linkedin-prova-finale-definitiva.png 1500w\" sizes=\"auto, (max-width: 819px) 100vw, 819px\" \/><\/a><\/figure>\n<\/div>\n\n\n<div style=\"height:36px\" aria-hidden=\"true\" class=\"wp-block-spacer\"><\/div>\n\n\n\n<p class=\"wp-block-paragraph\"><strong><mark style=\"background-color:rgba(0, 0, 0, 0)\" class=\"has-inline-color has-vivid-purple-color\">1. Data Literacy: la capacit\u00e0 di leggere e interpretare i dati<\/mark><\/strong><\/p>\n\n\n\n<p class=\"wp-block-paragraph\"> Non \u00e8 pi\u00f9 una skill per specialisti: nei prossimi due anni sar\u00e0 richiesta a manager, responsabili commerciali, HR e marketing. Senza un minimo di competenze sui dati, prendere decisioni diventer\u00e0 impossibile. <\/p>\n\n\n\n<p class=\"wp-block-paragraph\"><strong><mark style=\"background-color:rgba(0, 0, 0, 0)\" class=\"has-inline-color has-vivid-purple-color\">2. AI Competence: saper lavorare con l\u2019Intelligenza Artificiale<\/mark><\/strong><\/p>\n\n\n\n<p class=\"wp-block-paragraph\"> L\u2019IA non \u201cruba\u201d lavoro: trasforma il lavoro. Chi sapr\u00e0 usarla amplificher\u00e0 la propria produttivit\u00e0, chi la ignorer\u00e0 rimarr\u00e0 indietro. <\/p>\n\n\n\n<p class=\"wp-block-paragraph\"><strong><mark style=\"background-color:rgba(0, 0, 0, 0)\" class=\"has-inline-color has-vivid-purple-color\">3. Leadership adattiva e people-centered<\/mark><\/strong><\/p>\n\n\n\n<p class=\"wp-block-paragraph\">Nei team ibridi e complessi servono leader capaci di: ascoltare, motivare e sviluppare persone; guidare nel cambiamento continuo; prendere decisioni rapide anche con informazioni incomplete. <\/p>\n\n\n\n<p class=\"wp-block-paragraph\"><strong><mark style=\"background-color:rgba(0, 0, 0, 0)\" class=\"has-inline-color has-vivid-purple-color\">4. Competenze ESG e sostenibilit\u00e0<\/mark><\/strong><\/p>\n\n\n\n<p class=\"wp-block-paragraph\"> Le aziende saranno valutate sempre pi\u00f9 su trasparenza, impatto e responsabilit\u00e0 sociale. Chi conosce i criteri ESG ha un vantaggio competitivo enorme. <\/p>\n\n\n\n<p class=\"wp-block-paragraph\"><strong><mark style=\"background-color:rgba(0, 0, 0, 0)\" class=\"has-inline-color has-vivid-purple-color\">5. Pensiero critico e problem solving avanzato<\/mark><\/strong><\/p>\n\n\n\n<p class=\"wp-block-paragraph\">Paradossalmente, pi\u00f9 l\u2019IA cresce, pi\u00f9 servono competenze umane di alto livello. <\/p>\n\n\n\n<p class=\"wp-block-paragraph\"><strong><mark style=\"background-color:rgba(0, 0, 0, 0)\" class=\"has-inline-color has-vivid-purple-color\">6. Competenze digitali applicate al proprio settore<\/mark><\/strong><\/p>\n\n\n\n<p class=\"wp-block-paragraph\">Non solo digital marketing o IT: la trasformazione digitale richiede che ogni funzione \u2013 logistica, HR, amministrazione, finance, operations \u2013 sviluppi competenze tech specifiche.<\/p>\n\n\n\n<p class=\"wp-block-paragraph\"><strong>Le aziende pi\u00f9 innovative non aspettano la crisi per agire<\/strong> ma <strong>anticipano i cambiamenti<\/strong> costruendo <em>percorsi formativi rapidi, concreti e orientati al business. <\/em><\/p>\n\n\n\n<p class=\"wp-block-paragraph\">Ci\u00f2 significa:<\/p>\n\n\n\n<div class=\"wp-block-group is-nowrap is-layout-flex wp-container-core-group-is-layout-8f761849 wp-block-group-is-layout-flex\">\n<p class=\"wp-block-paragraph\">\ud83c\udfcb<mark style=\"background-color:rgba(0, 0, 0, 0)\" class=\"has-inline-color has-black-color\"><em>Formare tutta la linea manageriale, non soltanto i vertici;<\/em><\/mark><mark style=\"background-color:rgba(0, 0, 0, 0)\" class=\"has-inline-color has-vivid-cyan-blue-color\"> <\/mark><\/p>\n\n\n\n<p class=\"has-text-align-center wp-block-paragraph\"><mark style=\"background-color:rgba(0, 0, 0, 0)\" class=\"has-inline-color has-black-color\"> \ud83d\udcdd<em>Introdurre percorsi modulabili e flessibili; <\/em><\/mark><\/p>\n\n\n\n<p class=\"has-text-align-center wp-block-paragraph\">\ud83d\uddd3\ufe0f<mark style=\"background-color:rgba(0, 0, 0, 0)\" class=\"has-inline-color has-black-color\">I<em>nvestire nelle competenze chiave per il prossimo biennio; <\/em><\/mark><\/p>\n\n\n\n<p class=\"has-text-align-center wp-block-paragraph\">\ud83d\udcc9<mark style=\"background-color:rgba(0, 0, 0, 0)\" class=\"has-inline-color has-black-color\"><em>Misurare l\u2019impatto reale sul business (ROI della formazione); <\/em><\/mark><\/p>\n\n\n\n<p class=\"has-text-align-center wp-block-paragraph\">\ud83d\udcda<mark style=\"background-color:rgba(0, 0, 0, 0)\" class=\"has-inline-color has-black-color\"><em>Creare una cultura di apprendimento continuo.<\/em><\/mark><mark style=\"background-color:rgba(0, 0, 0, 0)\" class=\"has-inline-color has-vivid-cyan-blue-color\"> <\/mark><\/p>\n<\/div>\n\n\n\n<div style=\"height:30px\" aria-hidden=\"true\" class=\"wp-block-spacer\"><\/div>\n\n\n\n<p class=\"wp-block-paragraph\">Non \u00e8 la tecnologia a fare la differenza, ma le persone preparate a utilizzarla. EF Business School affianca aziende e professionisti con percorsi di formazione concreti, modulari e orientati ai risultati. <\/p>\n\n\n\n<p class=\"wp-block-paragraph\">\ud83d\udcac Quale di queste competenze \u00e8 oggi pi\u00f9 urgente nella tua realt\u00e0?<\/p>\n\n\n\n<div style=\"height:55px\" aria-hidden=\"true\" class=\"wp-block-spacer\"><\/div>\n\n\n<div class=\"wp-block-image\">\n<figure class=\"aligncenter size-large is-resized\"><a href=\"https:\/\/www.linkedin.com\/posts\/ef-business-school-srl_le-6-skills-chiave-nel-mondo-del-lavoro-activity-7396916231481597953-7tzN?utm_source=share&amp;utm_medium=member_android&amp;rcm=ACoAAEGvjggBwEucEi9LRWRloJK-uAJi4zFiIw4\"><img loading=\"lazy\" decoding=\"async\" width=\"819\" height=\"1024\" src=\"https:\/\/www.efbusinessschool.it\/wp-content\/uploads\/2025\/11\/Grafica-Linkedin-prova-finale-definitiva6-1-819x1024.png\" alt=\"\" class=\"wp-image-1707\" style=\"width:569px;height:auto\" srcset=\"https:\/\/www.efbusinessschool.it\/wp-content\/uploads\/2025\/11\/Grafica-Linkedin-prova-finale-definitiva6-1-819x1024.png 819w, https:\/\/www.efbusinessschool.it\/wp-content\/uploads\/2025\/11\/Grafica-Linkedin-prova-finale-definitiva6-1-240x300.png 240w, https:\/\/www.efbusinessschool.it\/wp-content\/uploads\/2025\/11\/Grafica-Linkedin-prova-finale-definitiva6-1-768x960.png 768w, https:\/\/www.efbusinessschool.it\/wp-content\/uploads\/2025\/11\/Grafica-Linkedin-prova-finale-definitiva6-1-1229x1536.png 1229w, https:\/\/www.efbusinessschool.it\/wp-content\/uploads\/2025\/11\/Grafica-Linkedin-prova-finale-definitiva6-1-370x463.png 370w, https:\/\/www.efbusinessschool.it\/wp-content\/uploads\/2025\/11\/Grafica-Linkedin-prova-finale-definitiva6-1-760x950.png 760w, https:\/\/www.efbusinessschool.it\/wp-content\/uploads\/2025\/11\/Grafica-Linkedin-prova-finale-definitiva6-1.png 1500w\" sizes=\"auto, (max-width: 819px) 100vw, 819px\" \/><\/a><\/figure>\n<\/div>\n\n\n<div style=\"height:79px\" aria-hidden=\"true\" class=\"wp-block-spacer\"><\/div>\n\n\n<div class=\"wp-block-post-date\"><time datetime=\"2025-11-24T17:32:27+01:00\">24 Novembre 2025<\/time><\/div>","protected":false},"excerpt":{"rendered":"<p>Quali competenze serviranno tra 24 mesi?<br \/>\nNoi di EF Business School abbiamo analizzato le 6 skill chiave determinanti per restare competitivi nel mondo del lavoro presente e futuro.<\/p>\n","protected":false},"author":990002,"featured_media":1708,"comment_status":"open","ping_status":"open","sticky":false,"template":"","format":"standard","meta":{"footnotes":""},"categories":[62],"tags":[69,83,99,100,98],"class_list":["post-1700","post","type-post","status-publish","format-standard","has-post-thumbnail","hentry","category-news","tag-ef-business-school","tag-formazione-aziende","tag-formazione-per-privati","tag-lavoro","tag-skills"],"_links":{"self":[{"href":"https:\/\/www.efbusinessschool.it\/index.php\/wp-json\/wp\/v2\/posts\/1700","targetHints":{"allow":["GET"]}}],"collection":[{"href":"https:\/\/www.efbusinessschool.it\/index.php\/wp-json\/wp\/v2\/posts"}],"about":[{"href":"https:\/\/www.efbusinessschool.it\/index.php\/wp-json\/wp\/v2\/types\/post"}],"author":[{"embeddable":true,"href":"https:\/\/www.efbusinessschool.it\/index.php\/wp-json\/wp\/v2\/users\/990002"}],"replies":[{"embeddable":true,"href":"https:\/\/www.efbusinessschool.it\/index.php\/wp-json\/wp\/v2\/comments?post=1700"}],"version-history":[{"count":8,"href":"https:\/\/www.efbusinessschool.it\/index.php\/wp-json\/wp\/v2\/posts\/1700\/revisions"}],"predecessor-version":[{"id":1714,"href":"https:\/\/www.efbusinessschool.it\/index.php\/wp-json\/wp\/v2\/posts\/1700\/revisions\/1714"}],"wp:featuredmedia":[{"embeddable":true,"href":"https:\/\/www.efbusinessschool.it\/index.php\/wp-json\/wp\/v2\/media\/1708"}],"wp:attachment":[{"href":"https:\/\/www.efbusinessschool.it\/index.php\/wp-json\/wp\/v2\/media?parent=1700"}],"wp:term":[{"taxonomy":"category","embeddable":true,"href":"https:\/\/www.efbusinessschool.it\/index.php\/wp-json\/wp\/v2\/categories?post=1700"},{"taxonomy":"post_tag","embeddable":true,"href":"https:\/\/www.efbusinessschool.it\/index.php\/wp-json\/wp\/v2\/tags?post=1700"}],"curies":[{"name":"wp","href":"https:\/\/api.w.org\/{rel}","templated":true}]}}