{"id":1772,"date":"2025-12-19T12:17:24","date_gmt":"2025-12-19T11:17:24","guid":{"rendered":"https:\/\/www.efbusinessschool.it\/?p=1772"},"modified":"2025-12-19T12:17:24","modified_gmt":"2025-12-19T11:17:24","slug":"diventare-oss-analisi-prospettive-e-formazione-del-professionista-socio-sanitario","status":"publish","type":"post","link":"https:\/\/www.efbusinessschool.it\/index.php\/2025\/12\/19\/diventare-oss-analisi-prospettive-e-formazione-del-professionista-socio-sanitario\/","title":{"rendered":"Diventare OSS: analisi, prospettive e formazione del professionista socio-sanitario"},"content":{"rendered":"<div class=\"wp-block-image\">\n<figure class=\"aligncenter size-large is-resized\"><img loading=\"lazy\" decoding=\"async\" width=\"1024\" height=\"577\" src=\"https:\/\/www.efbusinessschool.it\/wp-content\/uploads\/2025\/10\/oss-1024x577.jpg\" alt=\"\" class=\"wp-image-1682\" style=\"aspect-ratio:1.774726000264096;width:535px;height:auto\" srcset=\"https:\/\/www.efbusinessschool.it\/wp-content\/uploads\/2025\/10\/oss-1024x577.jpg 1024w, https:\/\/www.efbusinessschool.it\/wp-content\/uploads\/2025\/10\/oss-300x169.jpg 300w, https:\/\/www.efbusinessschool.it\/wp-content\/uploads\/2025\/10\/oss-768x433.jpg 768w, https:\/\/www.efbusinessschool.it\/wp-content\/uploads\/2025\/10\/oss-1536x865.jpg 1536w, https:\/\/www.efbusinessschool.it\/wp-content\/uploads\/2025\/10\/oss-370x208.jpg 370w, https:\/\/www.efbusinessschool.it\/wp-content\/uploads\/2025\/10\/oss-1170x658.jpg 1170w, https:\/\/www.efbusinessschool.it\/wp-content\/uploads\/2025\/10\/oss-760x428.jpg 760w, https:\/\/www.efbusinessschool.it\/wp-content\/uploads\/2025\/10\/oss-270x152.jpg 270w, https:\/\/www.efbusinessschool.it\/wp-content\/uploads\/2025\/10\/oss.jpg 1640w\" sizes=\"auto, (max-width: 1024px) 100vw, 1024px\" \/><\/figure>\n<\/div>\n\n\n<p class=\"has-white-color has-vivid-purple-background-color has-text-color has-background has-link-color has-medium-font-size wp-elements-1 wp-block-paragraph\"><strong>Operatore Socio Sanitario: una tra le figure pi\u00f9 richieste nella sanit\u00e0 marchigiana<\/strong><\/p>\n\n\n\n<p class=\"has-medium-font-size wp-block-paragraph\">Ci sono professioni che resistono al tempo e ai cambiamenti del mercato del lavoro, perch\u00e9 rispondono a bisogni umani profondi e sempre attuali: cura, ascolto, vicinanza. Tra queste, quella dell\u2019<strong>Operatore Socio Sanitario (OSS)<\/strong> occupa oggi un ruolo centrale. \u00c8 la figura che, pi\u00f9 di ogni altra, rappresenta il punto d\u2019incontro tra assistenza sanitaria e supporto sociale, contribuendo ogni giorno al benessere di anziani, disabili, persone fragili o in condizioni di non autosufficienza.<\/p>\n\n\n\n<p class=\"has-white-color has-vivid-purple-background-color has-text-color has-background has-link-color has-medium-font-size wp-elements-2 wp-block-paragraph\"><strong>Un mercato del lavoro in crescita<\/strong><\/p>\n\n\n\n<p class=\"has-medium-font-size wp-block-paragraph\">Secondo i dati <em>ISTAT,<\/em> nel 2020 erano circa <strong>155.000<\/strong> gli operatori socio-sanitari impiegati in Italia.<br>Nonostante la crisi post-pandemica, il comparto dell\u2019assistenza sociale e sanitaria \u00e8 stato uno dei pochi a <strong>registrare una crescita costante<\/strong>: l\u2019invecchiamento della popolazione, la diffusione di patologie croniche e l\u2019espansione dei servizi di assistenza domiciliare <strong>hanno fatto aumentare la richiesta di personale qualificato.<\/strong><\/p>\n\n\n\n<p class=\"has-medium-font-size wp-block-paragraph\">Il <em>rapporto ISFOL 2021 \u201cMercato del lavoro e istruzione\u201d<\/em> ha confermato che l\u2019OSS \u00e8 tra le <strong>professioni pi\u00f9 ricercate in ambito sanitario e socio-assistenziale<\/strong>, con previsioni di occupazione in crescita anche nel medio periodo.<\/p>\n\n\n\n<p class=\"has-white-color has-vivid-purple-background-color has-text-color has-background has-medium-font-size wp-block-paragraph\"><strong>La situazione nelle Marche<\/strong><\/p>\n\n\n\n<p class=\"has-medium-font-size wp-block-paragraph\">Nella <strong>Regione Marche<\/strong>, il contesto demografico e sociale amplifica ulteriormente questa tendenza.<br>Oggi il <strong>21,8% della popolazione marchigiana ha pi\u00f9 di 65 anni<\/strong>, un valore superiore alla media nazionale (18,6%). Questo dato evidenzia una popolazione sempre pi\u00f9 longeva, ma anche un crescente bisogno di <strong>servizi di assistenza continuativa<\/strong>.<\/p>\n\n\n\n<p class=\"has-medium-font-size wp-block-paragraph\">Nel 2023, le strutture sanitarie e socio-assistenziali marchigiane hanno registrato una <strong>forte domanda di personale OSS<\/strong>, anche per far fronte alla carenza di infermieri e operatori specializzati.<br>Le aree pi\u00f9 dinamiche risultano quelle di <strong><em>Ancona e Pesaro-Urbino,<\/em><\/strong> dove si concentra un\u2019alta densit\u00e0 di RSA, strutture intermedie, centri diurni e cooperative sociali. Tuttavia, anche <em>l\u2019<strong>entroterra maceratese e fermano<\/strong><\/em> mostra segnali di crescita, spinti dalla necessit\u00e0 di rafforzare l\u2019assistenza territoriale e domiciliare.<\/p>\n\n\n\n<p class=\"has-medium-font-size wp-block-paragraph\">Parallelamente, la Regione Marche ha registrato un incremento generale dell\u2019occupazione (+3,35% nel 2022, con 641.000 occupati nel 2023), ma con una <strong>diversificazione del mercato del lavoro<\/strong>: cresce la domanda nei <strong>servizi alla persona e nella sanit\u00e0 territoriale<\/strong>, settori che offrono nuove opportunit\u00e0 a chi sceglie di formarsi come OSS.<\/p>\n\n\n\n<p class=\"has-white-color has-vivid-purple-background-color has-text-color has-background has-medium-font-size wp-block-paragraph\"><strong>Il mismatch tra domanda e offerta<\/strong><\/p>\n\n\n\n<p class=\"has-medium-font-size wp-block-paragraph\">Nonostante la crescita dell\u2019offerta formativa, nelle Marche persiste un <strong>mismatch occupazionale<\/strong>: le aziende sanitarie, le RSA e le cooperative segnalano difficolt\u00e0 nel reperire OSS disponibili a coprire turni serali, festivi o in aree interne. Molti operatori preferiscono lavorare in contesti stabili o vicino al proprio domicilio, mentre l\u2019offerta di lavoro si concentra spesso nelle <strong>strutture residenziali e nei servizi domiciliari<\/strong> di zone meno centrali.<\/p>\n\n\n\n<p class=\"has-medium-font-size wp-block-paragraph\">Un altro elemento di squilibrio riguarda le <strong>competenze trasversali<\/strong>: oltre alle capacit\u00e0 tecniche, le strutture cercano figure che sappiano gestire situazioni emotivamente complesse, comunicare efficacemente con i familiari, e utilizzare strumenti digitali come <strong>cartelle cliniche elettroniche e sistemi di teleassistenza<\/strong>.<\/p>\n\n\n\n<p class=\"has-medium-font-size wp-block-paragraph\">Queste competenze \u2014 oggi imprescindibili \u2014 rendono ancora pi\u00f9 prezioso il ruolo della formazione professionale, che deve aggiornarsi costantemente per rispondere ai nuovi standard del settore. Un servizio emergente \u00e8 l\u2019<strong>utilizzo delle tecnologie digitali<\/strong> nel lavoro dell\u2019OSS: telemonitoraggio dei parametri vitali, gestione elettronica delle cartelle assistenziali, comunicazione digitale tra equipe e familiari. Queste innovazioni non sostituiscono la relazione umana, ma la potenziano, migliorando la qualit\u00e0 e la tempestivit\u00e0 delle cure.<\/p>\n\n\n\n<p class=\"has-white-color has-vivid-purple-background-color has-text-color has-background has-link-color has-medium-font-size wp-elements-3 wp-block-paragraph\"><strong>Le opportunit\u00e0 occupazionali<\/strong><\/p>\n\n\n\n<p class=\"has-medium-font-size wp-block-paragraph\">Chi ottiene la qualifica di OSS riconosciuta dalla Regione Marche pu\u00f2 lavorare in una vasta gamma di contesti:<\/p>\n\n\n\n<ul class=\"wp-block-list\">\n<li class=\"has-medium-font-size\"><strong>Ospedali pubblici e privati<\/strong>, in collaborazione con medici e infermieri;<\/li>\n\n\n\n<li class=\"has-medium-font-size\"><strong>Residenze sanitarie assistenziali (RSA)<\/strong>, case di riposo e centri di riabilitazione;<\/li>\n\n\n\n<li class=\"has-medium-font-size\"><strong>Servizi di assistenza domiciliare (ADI)<\/strong> e <strong>cooperative sociali<\/strong>;<\/li>\n\n\n\n<li class=\"has-medium-font-size\"><strong>Comunit\u00e0 terapeutiche, centri per disabili e servizi educativi speciali<\/strong>;<\/li>\n\n\n\n<li class=\"has-medium-font-size\"><strong>Cliniche private e poliambulatori<\/strong>;<\/li>\n\n\n\n<li class=\"has-medium-font-size\"><strong>Strutture dedicate alla salute mentale e alla riabilitazione<\/strong>.<\/li>\n<\/ul>\n\n\n\n<p class=\"has-medium-font-size wp-block-paragraph\">Le <strong>opportunit\u00e0 di inserimento<\/strong> sono immediate: molte strutture assumono direttamente gli allievi che si distinguono durante il tirocinio, mentre altre attivano collaborazioni con enti di formazione accreditati per reclutare personale qualificato. La figura dell\u2019OSS, infatti, \u00e8 oggi <strong>una delle pi\u00f9 richieste nei centri per l\u2019impiego e nei portali di recruiting sanitario<\/strong>, spesso con offerte pubblicate ogni settimana.<\/p>\n\n\n\n<p class=\"has-medium-font-size wp-block-paragraph\">Per quanto riguarda la possibilit\u00e0 di occupazione in strutture pubbliche, la modalit\u00e0 di inserimento non \u00e8 immediata: chi vuole infatti lavorare nel settore socio-sanitario pubblico, \u00e8 necessario che partecipi a bandi di concorsi pubblici per Operatore-socio-sanitario reperibili tramite il portale <a href=\"https:\/\/www.inpa.gov.it\/\">inPA Portale del reclutamento<\/a>, dove \u00e8 possibile ricercare i bandi di concorso attivi divisi per categoria, fare domanda e visualizzare gli aggiornamenti.<\/p>\n\n\n\n<p class=\"has-white-color has-vivid-purple-background-color has-text-color has-background has-link-color has-medium-font-size wp-elements-4 wp-block-paragraph\"><strong>Perch\u00e9 formarsi oggi come OSS<\/strong><\/p>\n\n\n\n<p class=\"has-link-color has-medium-font-size wp-elements-5 wp-block-paragraph\">Scegliere oggi di intraprendere il percorso per diventare Operatore Socio Sanitario significa <strong>accedere a una professione stabile, utile e in continua evoluzione<\/strong>. Le previsioni regionali e nazionali mostrano che la richiesta di OSS continuer\u00e0 ad aumentare nei prossimi anni, parallelamente al bisogno di assistenza personalizzata e domiciliare. \u00c8 una professione che unisce sicurezza lavorativa, crescita personale e valore sociale.<\/p>\n\n\n\n<p class=\"has-white-color has-vivid-purple-background-color has-text-color has-background has-link-color has-medium-font-size wp-elements-6 wp-block-paragraph\"><strong>Come diventare OSS con EF Business School<\/strong><\/p>\n\n\n\n<p class=\"has-medium-font-size wp-block-paragraph\">EF Business School, ente di formazione accreditato dalla <strong>Regione Marche<\/strong>, organizza corsi per <strong>Operatore Socio Sanitario (OSS)<\/strong> conformi alla <strong>DGR n. 666\/2008<\/strong> e validi su tutto il territorio nazionale.<br>Il percorso, della durata di <strong>1.000 ore tra teoria e tirocinio<\/strong>, prepara i partecipanti con un approccio pratico, umano e aggiornato alle esigenze del mondo del lavoro.<br>Grazie ai <strong>partenariati con strutture sanitarie e assistenziali del territorio<\/strong>, i corsisti possono vivere esperienze formative reali e accedere pi\u00f9 facilmente a opportunit\u00e0 di inserimento professionale al termine del percorso.<\/p>\n\n\n\n<p class=\"has-medium-font-size wp-block-paragraph\">Prossimo corso OSS in partenza a Gennaio 2026, richiedi maggiori informazioni o prenota un colloquio orientativo al numero 392 603 1984 o mandando una mail a <a href=\"mailto:amministrazione@efbusinessschool.it\">amministrazione@efbusinessschool.it<\/a><\/p>\n\n\n\n<figure class=\"wp-block-gallery has-nested-images columns-default is-cropped wp-block-gallery-1 is-layout-flex wp-block-gallery-is-layout-flex\"><div class=\"wp-block-image\">\n<figure class=\"aligncenter size-large\"><img loading=\"lazy\" decoding=\"async\" width=\"724\" height=\"1024\" data-id=\"1773\" src=\"https:\/\/www.efbusinessschool.it\/wp-content\/uploads\/2025\/12\/Corso-OSS-A4-1-724x1024.jpg\" alt=\"\" class=\"wp-image-1773\" srcset=\"https:\/\/www.efbusinessschool.it\/wp-content\/uploads\/2025\/12\/Corso-OSS-A4-1-724x1024.jpg 724w, https:\/\/www.efbusinessschool.it\/wp-content\/uploads\/2025\/12\/Corso-OSS-A4-1-212x300.jpg 212w, https:\/\/www.efbusinessschool.it\/wp-content\/uploads\/2025\/12\/Corso-OSS-A4-1-768x1086.jpg 768w, https:\/\/www.efbusinessschool.it\/wp-content\/uploads\/2025\/12\/Corso-OSS-A4-1-1087x1536.jpg 1087w, https:\/\/www.efbusinessschool.it\/wp-content\/uploads\/2025\/12\/Corso-OSS-A4-1-370x523.jpg 370w, https:\/\/www.efbusinessschool.it\/wp-content\/uploads\/2025\/12\/Corso-OSS-A4-1-760x1074.jpg 760w, https:\/\/www.efbusinessschool.it\/wp-content\/uploads\/2025\/12\/Corso-OSS-A4-1.jpg 1240w\" sizes=\"auto, (max-width: 724px) 100vw, 724px\" \/><\/figure>\n<\/div><\/figure>\n","protected":false},"excerpt":{"rendered":"<p>Operatore Socio Sanitario: una tra le figure pi\u00f9 richieste nella sanit\u00e0 marchigiana. Scopri perch\u00e8 e come poterti formare grazie a EF Business School, ente di formazione della provincia di Macerata.<\/p>\n","protected":false},"author":990002,"featured_media":1773,"comment_status":"open","ping_status":"open","sticky":false,"template":"","format":"standard","meta":{"footnotes":""},"categories":[62],"tags":[101,93,94,69,82],"class_list":["post-1772","post","type-post","status-publish","format-standard","has-post-thumbnail","hentry","category-news","tag-analisi-mercato","tag-corso-oss","tag-corso-oss-macerata","tag-ef-business-school","tag-regione-marche"],"_links":{"self":[{"href":"https:\/\/www.efbusinessschool.it\/index.php\/wp-json\/wp\/v2\/posts\/1772","targetHints":{"allow":["GET"]}}],"collection":[{"href":"https:\/\/www.efbusinessschool.it\/index.php\/wp-json\/wp\/v2\/posts"}],"about":[{"href":"https:\/\/www.efbusinessschool.it\/index.php\/wp-json\/wp\/v2\/types\/post"}],"author":[{"embeddable":true,"href":"https:\/\/www.efbusinessschool.it\/index.php\/wp-json\/wp\/v2\/users\/990002"}],"replies":[{"embeddable":true,"href":"https:\/\/www.efbusinessschool.it\/index.php\/wp-json\/wp\/v2\/comments?post=1772"}],"version-history":[{"count":4,"href":"https:\/\/www.efbusinessschool.it\/index.php\/wp-json\/wp\/v2\/posts\/1772\/revisions"}],"predecessor-version":[{"id":1780,"href":"https:\/\/www.efbusinessschool.it\/index.php\/wp-json\/wp\/v2\/posts\/1772\/revisions\/1780"}],"wp:featuredmedia":[{"embeddable":true,"href":"https:\/\/www.efbusinessschool.it\/index.php\/wp-json\/wp\/v2\/media\/1773"}],"wp:attachment":[{"href":"https:\/\/www.efbusinessschool.it\/index.php\/wp-json\/wp\/v2\/media?parent=1772"}],"wp:term":[{"taxonomy":"category","embeddable":true,"href":"https:\/\/www.efbusinessschool.it\/index.php\/wp-json\/wp\/v2\/categories?post=1772"},{"taxonomy":"post_tag","embeddable":true,"href":"https:\/\/www.efbusinessschool.it\/index.php\/wp-json\/wp\/v2\/tags?post=1772"}],"curies":[{"name":"wp","href":"https:\/\/api.w.org\/{rel}","templated":true}]}}