{"id":1778,"date":"2025-12-23T11:04:51","date_gmt":"2025-12-23T10:04:51","guid":{"rendered":"https:\/\/www.efbusinessschool.it\/?p=1778"},"modified":"2025-12-23T11:04:51","modified_gmt":"2025-12-23T10:04:51","slug":"contabilita-generale-una-competenza-chiave-per-entrare-nel-mondo-del-lavoro","status":"publish","type":"post","link":"https:\/\/www.efbusinessschool.it\/index.php\/2025\/12\/23\/contabilita-generale-una-competenza-chiave-per-entrare-nel-mondo-del-lavoro\/","title":{"rendered":"Contabilit\u00e0 generale: una competenza chiave per entrare nel mondo del lavoro"},"content":{"rendered":"\n<p class=\"has-medium-font-size wp-block-paragraph\">In un mercato del lavoro in continua trasformazione, conoscere le basi della contabilit\u00e0 generale e della gestione amministrativa rappresenta un vantaggio competitivo concreto e duraturo. Dietro ogni impresa, ente o studio professionale c\u2019\u00e8 una figura in grado di gestire registrazioni, pagamenti, fatture, scadenze e flussi economici con precisione e metodo: l\u2019addetto alla contabilit\u00e0, un professionista indispensabile per la salute e la sostenibilit\u00e0 economica di ogni organizzazione.<\/p>\n\n\n\n<p class=\"has-vivid-cyan-blue-background-color has-background has-medium-font-size wp-block-paragraph\"><strong>Perch\u00e9 la contabilit\u00e0 \u00e8 cos\u00ec importante<\/strong><\/p>\n\n\n\n<p class=\"has-medium-font-size wp-block-paragraph\">La <strong>contabilit\u00e0<\/strong> non \u00e8 solo numeri e bilanci, ma <strong>il linguaggio attraverso cui un\u2019azienda racconta la propria salute economica<\/strong>. Saper leggere e interpretare i dati contabili significa <em>comprendere come si muove un\u2019impresa, prendere decisioni strategiche , individuare punti di forza e criticit\u00e0, e contribuire attivamente al suo sviluppo<\/em>, garantendo con le proprie competenze, trasparenza e affidabilit\u00e0.<br>Chi possiede queste competenze \u00e8 in grado di collaborare con tutte le aree aziendali \u2014 amministrazione, risorse umane, direzione \u2014 diventando un punto di riferimento per la gestione economico-finanziaria, la pianificazione economica e per il rispetto delle normative fiscali e contributive.<\/p>\n\n\n\n<p class=\"has-vivid-cyan-blue-background-color has-background has-medium-font-size wp-block-paragraph\"><strong>Un corso per chi vuole crescere professionalmente<\/strong><\/p>\n\n\n\n<p class=\"has-medium-font-size wp-block-paragraph\">Il <strong>corso di contabilit\u00e0 generale<\/strong> proposto da <strong>EF Business School<\/strong> \u00e8 pensato per chi gi\u00e0 lavora o desidera specializzarsi nel settore amministrativo e contabile.<br>Durante il percorso si approfondiranno temi fondamentali come la <strong>gestione dei documenti contabili e fiscali<\/strong>, le <strong>registrazioni di vendite, acquisti, incassi e pagamenti<\/strong>, la <strong>fatturazione elettronica<\/strong>, e l\u2019uso dei <strong>software gestionali e di contabilit\u00e0 integrata<\/strong>.<br>Ampio spazio sar\u00e0 dedicato alla <strong>digitalizzazione dei processi amministrativi<\/strong>, all\u2019uso di strumenti come <strong>Excel e Power BI<\/strong> per l\u2019analisi dei dati contabili e alla gestione delle scadenze e dei flussi documentali in cloud.<\/p>\n\n\n\n<p class=\"has-vivid-cyan-blue-background-color has-background has-medium-font-size wp-block-paragraph\"><strong>Sbocchi occupazionali e opportunit\u00e0 di carriera<\/strong><\/p>\n\n\n\n<p class=\"has-medium-font-size wp-block-paragraph\">Le competenze amministrative e contabili sono tra le pi\u00f9 richieste nel mercato del lavoro.<br>Secondo Unioncamere, le figure pi\u00f9 ricercate dalle imprese nel settore dei servizi e del terziario sono proprio gli <strong>addetti alla contabilit\u00e0 e amministrazione<\/strong>.<br>Chi acquisisce queste competenze pu\u00f2 inserirsi in un\u2019ampia variet\u00e0 di contesti professionali:<\/p>\n\n\n\n<ul class=\"wp-block-list\">\n<li class=\"has-medium-font-size\"><strong>Aziende private<\/strong> di qualsiasi dimensione, dove pu\u00f2 occuparsi di contabilit\u00e0 clienti e fornitori, gestione della fatturazione, prima nota e bilanci;<\/li>\n\n\n\n<li class=\"has-medium-font-size\"><strong>Studi commerciali e di consulenza fiscale<\/strong>, dove pu\u00f2 collaborare con dottori commercialisti o revisori contabili nella gestione di pi\u00f9 imprese clienti;<\/li>\n\n\n\n<li class=\"has-medium-font-size\"><strong>Pubbliche amministrazioni e cooperative<\/strong>, che richiedono figure esperte per la gestione di bilanci e rendicontazioni;<\/li>\n\n\n\n<li class=\"has-medium-font-size\"><strong>Societ\u00e0 di servizi, start-up e realt\u00e0 innovative<\/strong>, dove la digitalizzazione della contabilit\u00e0 richiede profili aggiornati e competenti nell\u2019uso di software gestionali e sistemi integrati ERP.<\/li>\n<\/ul>\n\n\n\n<p class=\"has-medium-font-size wp-block-paragraph\">Inoltre, le competenze contabili rappresentano una base solida per sviluppare ulteriori specializzazioni, come il <strong>controllo di gestione<\/strong>, l\u2019<strong>amministrazione del personale<\/strong>, la <strong>consulenza fiscale<\/strong> o la <strong>rendicontazione dei progetti finanziati<\/strong>.<\/p>\n\n\n\n<p class=\"has-medium-font-size wp-block-paragraph\">Il corso permette quindi non solo di ampliare le proprie competenze, ma anche di <strong>riqualificarsi professionalmente<\/strong> e <strong>aumentare le opportunit\u00e0 di inserimento o avanzamento di carriera<\/strong>.<\/p>\n\n\n\n<p class=\"has-vivid-cyan-blue-background-color has-background has-medium-font-size wp-block-paragraph\"><strong>Formarsi oggi per costruire il futuro<\/strong><\/p>\n\n\n\n<p class=\"has-medium-font-size wp-block-paragraph\">La contabilit\u00e0 \u00e8 una <strong>competenza trasversale<\/strong>, utile in qualsiasi settore economico. Impararla oggi significa acquisire uno strumento pratico e indispensabile per gestire in modo efficiente la complessit\u00e0 del lavoro moderno, dove <strong>competenze digitali e precisione amministrativa vanno di pari passo.<\/strong><\/p>\n\n\n\n<p class=\"has-medium-font-size wp-block-paragraph\">Il <strong>corso di Contabilit\u00e0 EF Business School<\/strong> offre quindi un percorso concreto, progettato per essere immediatamente spendibile nel mondo del lavoro, capace di unire teoria e pratica, conoscenze tecniche e abilit\u00e0 digitali, per formare professionisti pronti a crescere e a fare la differenza in ogni contesto aziendale. Il rilascio della <strong>certificazione della competenza UC 497<\/strong> del RRPP \u201c<strong>Gestione delle registrazioni e liquidazioni relative al rapporto di lavoro (ADA)<\/strong>\u201d rappresenta un <strong>plus<\/strong> non indifferente: tale qualifica segue le competenze e gli obiettivi formativi del repertorio Regionale dei Profili Professionali, permettendo cos\u00ec di avere una <em>certificazione spendibile nel CV<\/em>&nbsp; e utile alle aziende per definire meglio i ruoli da ricoprire, le competenze da richiedere e a reclutare figure che rispettino standard riconosciuti.<\/p>\n\n\n\n<figure class=\"wp-block-gallery has-nested-images columns-default is-cropped wp-block-gallery-1 is-layout-flex wp-block-gallery-is-layout-flex\">\n<figure class=\"wp-block-image size-large\"><img loading=\"lazy\" decoding=\"async\" width=\"817\" height=\"1024\" data-id=\"1784\" src=\"https:\/\/www.efbusinessschool.it\/wp-content\/uploads\/2025\/12\/Corso-Contabilita-817x1024.jpg\" alt=\"\" class=\"wp-image-1784\" srcset=\"https:\/\/www.efbusinessschool.it\/wp-content\/uploads\/2025\/12\/Corso-Contabilita-817x1024.jpg 817w, https:\/\/www.efbusinessschool.it\/wp-content\/uploads\/2025\/12\/Corso-Contabilita-239x300.jpg 239w, https:\/\/www.efbusinessschool.it\/wp-content\/uploads\/2025\/12\/Corso-Contabilita-768x962.jpg 768w, https:\/\/www.efbusinessschool.it\/wp-content\/uploads\/2025\/12\/Corso-Contabilita-1226x1536.jpg 1226w, https:\/\/www.efbusinessschool.it\/wp-content\/uploads\/2025\/12\/Corso-Contabilita-1634x2048.jpg 1634w, https:\/\/www.efbusinessschool.it\/wp-content\/uploads\/2025\/12\/Corso-Contabilita-370x464.jpg 370w, https:\/\/www.efbusinessschool.it\/wp-content\/uploads\/2025\/12\/Corso-Contabilita-760x952.jpg 760w, https:\/\/www.efbusinessschool.it\/wp-content\/uploads\/2025\/12\/Corso-Contabilita-scaled.jpg 2043w\" sizes=\"auto, (max-width: 817px) 100vw, 817px\" \/><\/figure>\n<\/figure>\n","protected":false},"excerpt":{"rendered":"<p>Noi di EF Business School, ente di formazione della provincia di Macerata, ci chiesti &#8220;perch\u00e9 la contabilit\u00e0 e l&#8217;amministrazione sono oggi competenze cos\u00ec richieste nel mondo del lavoro?&#8221; La risposta in questo nuovo articolo!<\/p>\n","protected":false},"author":990002,"featured_media":1783,"comment_status":"open","ping_status":"open","sticky":false,"template":"","format":"standard","meta":{"footnotes":""},"categories":[62],"tags":[],"class_list":["post-1778","post","type-post","status-publish","format-standard","has-post-thumbnail","hentry","category-news"],"_links":{"self":[{"href":"https:\/\/www.efbusinessschool.it\/index.php\/wp-json\/wp\/v2\/posts\/1778","targetHints":{"allow":["GET"]}}],"collection":[{"href":"https:\/\/www.efbusinessschool.it\/index.php\/wp-json\/wp\/v2\/posts"}],"about":[{"href":"https:\/\/www.efbusinessschool.it\/index.php\/wp-json\/wp\/v2\/types\/post"}],"author":[{"embeddable":true,"href":"https:\/\/www.efbusinessschool.it\/index.php\/wp-json\/wp\/v2\/users\/990002"}],"replies":[{"embeddable":true,"href":"https:\/\/www.efbusinessschool.it\/index.php\/wp-json\/wp\/v2\/comments?post=1778"}],"version-history":[{"count":2,"href":"https:\/\/www.efbusinessschool.it\/index.php\/wp-json\/wp\/v2\/posts\/1778\/revisions"}],"predecessor-version":[{"id":1785,"href":"https:\/\/www.efbusinessschool.it\/index.php\/wp-json\/wp\/v2\/posts\/1778\/revisions\/1785"}],"wp:featuredmedia":[{"embeddable":true,"href":"https:\/\/www.efbusinessschool.it\/index.php\/wp-json\/wp\/v2\/media\/1783"}],"wp:attachment":[{"href":"https:\/\/www.efbusinessschool.it\/index.php\/wp-json\/wp\/v2\/media?parent=1778"}],"wp:term":[{"taxonomy":"category","embeddable":true,"href":"https:\/\/www.efbusinessschool.it\/index.php\/wp-json\/wp\/v2\/categories?post=1778"},{"taxonomy":"post_tag","embeddable":true,"href":"https:\/\/www.efbusinessschool.it\/index.php\/wp-json\/wp\/v2\/tags?post=1778"}],"curies":[{"name":"wp","href":"https:\/\/api.w.org\/{rel}","templated":true}]}}